{"id":596,"date":"2015-11-12T14:26:49","date_gmt":"2015-11-12T14:26:49","guid":{"rendered":"http:\/\/www.kula.si\/?p=596"},"modified":"2015-11-21T11:44:32","modified_gmt":"2015-11-21T11:44:32","slug":"3-nacionalna-konferenca-novodobno-suzenjstvo-prekarne-oblike-na-trgu-dela","status":"publish","type":"post","link":"https:\/\/www.kula.si\/?p=596","title":{"rendered":"3. nacionalna konferenca &#8211; Novodobno su\u017eenjstvo &#8211; prekarne oblike na trgu dela"},"content":{"rendered":"<h1><b>3. nacionalna konferenca &#8211; Novodobno su\u017eenjstvo &#8211; prekarne oblike na trgu dela<\/b><\/h1>\n<div>\n<p>Cankarjev dom, dvorana M3-4, 18. 11. za\u010detek ob 16.00<\/p>\n<p>V slovenski javni prostor je v zadnjih letih kon\u010dno prodrla problematika prekarnih delavcev. Izgorelost, preobremenjenost, nezmo\u017enost na\u010drtovanja prihodnosti, depresija in hude zdravstvene te\u017eave so samo nekatere lastnosti nara\u0161\u010dajo\u010dega prekarnega razreda. Od opisovanja njegovega grozljivega vsakdana pa je potrebno stopiti korak naprej \u2013 k oblikovanju re\u0161itev. Nekatere bomo naslovili na na\u0161i konferenci.<\/p>\n<p>Konferenca bo razdeljena na dva dela. V prvem delu bomo spoznavali splo\u0161no problematiko prekarnega dela, v drugem delu pa bomo iskali primere dobrih praks zdru\u017eevanja prekarnih delavcev. Nastopilo bo 8 govorcev in govork.\u00a0Posamezne predstavitve bodo trajale pribli\u017eno 15 minut, po vsaki predstavitvi pa smo namenili pribli\u017eno 10 minut za diskusijo.<\/p>\n<p>V prvem vsebinskem sklopu \u017eelimo predstaviti vpliv prekarnosti na stopnjo tveganja rev\u0161\u010dine, zdravje in pokojninski sistem ter realno obdav\u010ditev, socialne in delavske pravice. V drugem pa bo konferenca osredoto\u010dena na primere dobrih praks organiziranja prekarnih delavcev.<\/p>\n<\/div>\n<div>\n<p><b>PROGRAM KONFERENCE:<\/b><\/p>\n<p><b>Prvi del &#8211; &#8220;O prekariatu na splo\u0161no&#8221;<\/b><br \/>\n16.00 &#8211; Otvoritev konference in uvodni nagovor predstavnika Gibanja za dostojno delo in socialno dru\u017ebo<br \/>\n16.10 &#8211; Dr. Barbara Rajgelj &#8211; Mnogoteri pravni obrazi slovenske prekarnosti<br \/>\n16.35 &#8211; Dr. Valerija Koro\u0161ec &#8211; Prekarnost in stopnja tveganja rev\u0161\u010dine pri delovno aktivnih<br \/>\n17.00 &#8211; Mag. Nata\u0161a Dernov\u0161\u010dek Hafnar &#8211; Vpliv nestalnih zaposlitev na zdravje<br \/>\n17.30 &#8211; Peter Poga\u010dar \u2013 Problematika prekarnost ter aktualni ukrepi Ministrstva za delo, dru\u017eino, socialne zadeve in enake mo\u017enosti<br \/>\n<i>18.00 &#8211; 18.30 Odmor za kavo<\/i><\/p>\n<p><b>Drugi del &#8211; &#8220;Prakse organiziranja prekarnih delavcev&#8221;<\/b><br \/>\n18.30 &#8211; Boris Per\u0161 (Migrantska pisarna ZSSS) &#8211; Organiziranje \u0161oferjev migrantov na terenu<br \/>\n19.00 &#8211; David \u0160varc (Svobodni sindikat Slovenije) &#8211; Predstavitev sindikalnega organiziranja taksistov ter razna\u0161alcev \u010dasopisov<br \/>\n19.30 &#8211; Sara Bagari in Marko Funkl (Gibanje za dostojno delo in socialno dru\u017ebo) &#8211; Izzivi pri organiziranju prekarnih delavcev v Sloveniji)<br \/>\n<b>19.50 \u2013 Zaklju\u010dna razprava<\/b><\/p>\n<p>Konferenca je za vse udele\u017eence brezpla\u010dna, obvezne pa so prijave preko <a href=\"https:\/\/docs.google.com\/forms\/d\/1RfmZKb_kTWCc3Y4tV8CFDV1ZFFMg-s0bHvLtsGd9urs\/viewform?c=0&amp;w=1\" target=\"_blank\">spletnega obrazca.<\/a><\/p>\n<\/div>\n<div><b>VLJUDNO VABLJENI!<\/b><\/div>\n","protected":false},"excerpt":{"rendered":"<p>3. nacionalna konferenca &#8211; Novodobno su\u017eenjstvo &#8211; prekarne oblike na trgu dela Cankarjev dom, dvorana M3-4, 18. 11. za\u010detek ob 16.00 V slovenski javni prostor<\/p>\n","protected":false},"author":3,"featured_media":597,"comment_status":"open","ping_status":"open","sticky":false,"template":"","format":"standard","meta":{"om_disable_all_campaigns":false,"_monsterinsights_skip_tracking":false,"_monsterinsights_sitenote_active":false,"_monsterinsights_sitenote_note":"","_monsterinsights_sitenote_category":0,"footnotes":""},"categories":[10],"tags":[],"class_list":["post-596","post","type-post","status-publish","format-standard","has-post-thumbnail","hentry","category-arhiv","two-columns"],"_links":{"self":[{"href":"https:\/\/www.kula.si\/index.php?rest_route=\/wp\/v2\/posts\/596","targetHints":{"allow":["GET"]}}],"collection":[{"href":"https:\/\/www.kula.si\/index.php?rest_route=\/wp\/v2\/posts"}],"about":[{"href":"https:\/\/www.kula.si\/index.php?rest_route=\/wp\/v2\/types\/post"}],"author":[{"embeddable":true,"href":"https:\/\/www.kula.si\/index.php?rest_route=\/wp\/v2\/users\/3"}],"replies":[{"embeddable":true,"href":"https:\/\/www.kula.si\/index.php?rest_route=%2Fwp%2Fv2%2Fcomments&post=596"}],"version-history":[{"count":3,"href":"https:\/\/www.kula.si\/index.php?rest_route=\/wp\/v2\/posts\/596\/revisions"}],"predecessor-version":[{"id":600,"href":"https:\/\/www.kula.si\/index.php?rest_route=\/wp\/v2\/posts\/596\/revisions\/600"}],"wp:featuredmedia":[{"embeddable":true,"href":"https:\/\/www.kula.si\/index.php?rest_route=\/wp\/v2\/media\/597"}],"wp:attachment":[{"href":"https:\/\/www.kula.si\/index.php?rest_route=%2Fwp%2Fv2%2Fmedia&parent=596"}],"wp:term":[{"taxonomy":"category","embeddable":true,"href":"https:\/\/www.kula.si\/index.php?rest_route=%2Fwp%2Fv2%2Fcategories&post=596"},{"taxonomy":"post_tag","embeddable":true,"href":"https:\/\/www.kula.si\/index.php?rest_route=%2Fwp%2Fv2%2Ftags&post=596"}],"curies":[{"name":"wp","href":"https:\/\/api.w.org\/{rel}","templated":true}]}}