{"id":571,"date":"2015-09-24T19:58:22","date_gmt":"2015-09-24T19:58:22","guid":{"rendered":"http:\/\/www.kula.si\/?p=571"},"modified":"2016-10-24T17:57:29","modified_gmt":"2016-10-24T17:57:29","slug":"kulina-izjava-ob-festivalu-brez-meja-za-vse","status":"publish","type":"post","link":"https:\/\/www.kula.si\/?p=571","title":{"rendered":"Kulina izjava ob \u00bbFestivalu brez meja za vse\u00ab"},"content":{"rendered":"<p><strong>Kulina izjava ob \u00bbFestivalu brez meja za vse\u00ab<\/strong><\/p>\n<p>Selitve so stalnica razvoja \u010dlove\u0161tva. Predniki na\u0161e vrste so v razmeroma kratkem \u010dasu poselili ves planet. Premik<span class=\"text_exposed_show\">i prebivalstva so bili enako dinami\u010dni pred tiso\u010dletji, kot so danes, le nekoliko po\u010dasnej\u0161i, ljudi pa tudi ni bilo nekaj Pozabljamo, da na\u0161i predniki niso bili tukaj od vekomaj. Ta prostor so ljudje naseljevali v \u0161tevilnih valovih in iz teh krajev odhajali na vse konce sveta. Zato bi morali biti pripravljeni na izzive migracij sedanjosti in prihodnosti, ko se Slovenija, kot \u010dlanica Evropske unije, ne bo mogla izolirati od dogajanja po svetu.<br \/>\nKer smo v zadnjih tednih za\u010dutili neverjeten strah pred prihodom tujcev, se kot antropologi, ki sku\u0161amo razumeti razli\u010dne na\u010dine \u017eivljenja po svetu, moramo odzvati. Strah pred pri\u0161leki je razumljiv, ni pa nujno potreben. Vsaj ne onkraj obi\u010dajne previdnosti, s katero se soo\u010damo v vsakdanjem \u017eivljenju.<br \/>\nOpa\u017eamo, da je izjemen strah pred prav dolo\u010denimi tujci, mlaj\u0161imi mo\u0161kimi iz muslimanskih de\u017eel, \u0161e posebej mo\u010dan. Strah pred mladimi mo\u0161kimi je vsaj deloma razumljiv v dru\u017ebi, ki se nezadr\u017eno stara, strah pred muslimani in muslimankami pa odseva neverjetno zakoreninjene predstave o sovragih, ki so napadali de\u017eelo pred stoletji. Neposreden spomin na t. i. tur\u0161ke vdore je hitro zbledel, nadomestila pa ga je pripoved, tako ljudska kot uradna, zgodovinopisna.<br \/>\nA to ni na\u0161a sedanjost. Slovenija se ne bo mogla izogniti ne beguncem, ki be\u017eijo pred vojno, ne priseljencem, ki i\u0161\u010dejo bolj\u0161e \u017eivljenje. Enako kot se ne bo mogla izogniti izseljevanju njenih prebivalcev, ki i\u0161\u010dejo svojo prilo\u017enost v tujini. <\/span><\/p>\n<div class=\"text_exposed_show\">\n<p>Zato ugotavljamo naslednje:<br \/>\n1. Najve\u010dji trenutni problem se ka\u017ee v nepoznavanju kulture in na\u010dina<br \/>\n\u017eivljenja prebe\u017enikov, ne le njihove vere.<br \/>\n2. Drugi in \u0161ir\u0161i problem je v latentnem rasizmu slovenskega prebivalstva, ki izhaja iz pomanjkljivega pou\u010devanja o \u010dloveku, \u010dlove\u0161tvu, dru\u017ebah in kulturah, vse od osnovne \u0161ole navzgor, s posebej zaskrbljujo\u010do brezbri\u017enostjo do razumevanja dru\u017ebenih odnosov in struktur pri t. i. naravoslovni in tehni\u010dni inteligenci.<br \/>\n3. Zadnji problem, ki ga opa\u017eamo kot akutnega, je ignoriranje antropologije v osnovnih in srednjih \u0161olah, kar v sodobnem svetu, pre\u017eetem z medkulturnimi stiki, \u017ee v izhodi\u0161\u010du pomeni neuspeh pri vzpostavljanju zdrave dru\u017ebe.<\/p>\n<p>1. Od odlo\u010devalcev o u\u010dnih vsebinah, da temeljno znanje, ki ga zahteva osnovno\u0161olsko izobra\u017eevanje, posodobijo in prepre\u010dijo nadaljnjo \u0161kodo.<br \/>\n2. Med srednje\u0161olske predmete je potrebno nemudoma vklju\u010diti tudi temelje poznavanja in razumevanja svetovnih kultur in na\u010dinov \u017eivljenja, torej antropologijo.<br \/>\n3. Od dr\u017eave zahtevamo, da nameni ve\u010d sredstev za medkulturne raziskave in razvoj doslej zapostavljenih delov dru\u017eboslovja.<\/p>\n<p>Zavedati se moramo, da smo Slovenci tudi Evropejci, Evropejci pa smo prej ali slej samo ljudje. Enako kot Arabci, ki se morda ravno tako najprej vidijo kot Palestinci, Sirci ali Ira\u010dani, prej ali slej pa so samo ljudje. In kot ljudje imamo bistveno ve\u010d skupnega, kot je med nami razlik.<\/p>\n<p><strong>Zdru\u017eenje KULA: Slovensko etnolo\u0161ko in antropolo\u0161ko zdru\u017eenje<\/strong><\/p>\n<\/div>\n","protected":false},"excerpt":{"rendered":"<p>Kulina izjava ob \u00bbFestivalu brez meja za vse\u00ab Selitve so stalnica razvoja \u010dlove\u0161tva. Predniki na\u0161e vrste so v razmeroma kratkem \u010dasu poselili ves planet. Premiki<\/p>\n","protected":false},"author":3,"featured_media":572,"comment_status":"open","ping_status":"open","sticky":false,"template":"","format":"standard","meta":{"om_disable_all_campaigns":false,"_monsterinsights_skip_tracking":false,"_monsterinsights_sitenote_active":false,"_monsterinsights_sitenote_note":"","_monsterinsights_sitenote_category":0,"footnotes":""},"categories":[10],"tags":[],"class_list":["post-571","post","type-post","status-publish","format-standard","has-post-thumbnail","hentry","category-arhiv","two-columns"],"_links":{"self":[{"href":"https:\/\/www.kula.si\/index.php?rest_route=\/wp\/v2\/posts\/571","targetHints":{"allow":["GET"]}}],"collection":[{"href":"https:\/\/www.kula.si\/index.php?rest_route=\/wp\/v2\/posts"}],"about":[{"href":"https:\/\/www.kula.si\/index.php?rest_route=\/wp\/v2\/types\/post"}],"author":[{"embeddable":true,"href":"https:\/\/www.kula.si\/index.php?rest_route=\/wp\/v2\/users\/3"}],"replies":[{"embeddable":true,"href":"https:\/\/www.kula.si\/index.php?rest_route=%2Fwp%2Fv2%2Fcomments&post=571"}],"version-history":[{"count":1,"href":"https:\/\/www.kula.si\/index.php?rest_route=\/wp\/v2\/posts\/571\/revisions"}],"predecessor-version":[{"id":573,"href":"https:\/\/www.kula.si\/index.php?rest_route=\/wp\/v2\/posts\/571\/revisions\/573"}],"wp:featuredmedia":[{"embeddable":true,"href":"https:\/\/www.kula.si\/index.php?rest_route=\/wp\/v2\/media\/572"}],"wp:attachment":[{"href":"https:\/\/www.kula.si\/index.php?rest_route=%2Fwp%2Fv2%2Fmedia&parent=571"}],"wp:term":[{"taxonomy":"category","embeddable":true,"href":"https:\/\/www.kula.si\/index.php?rest_route=%2Fwp%2Fv2%2Fcategories&post=571"},{"taxonomy":"post_tag","embeddable":true,"href":"https:\/\/www.kula.si\/index.php?rest_route=%2Fwp%2Fv2%2Ftags&post=571"}],"curies":[{"name":"wp","href":"https:\/\/api.w.org\/{rel}","templated":true}]}}